{"id":100720,"date":"2026-04-30T06:00:11","date_gmt":"2026-04-30T10:00:11","guid":{"rendered":"https:\/\/www.velo.qc.ca\/?p=100720"},"modified":"2026-04-30T07:05:15","modified_gmt":"2026-04-30T11:05:15","slug":"the-state-of-cycling-in-quebec-2025-cycling-as-part-of-mobility-habits","status":"publish","type":"post","link":"https:\/\/www.velo.qc.ca\/en\/actualites\/letat-du-velo-au-quebec-2025-le-velo-simpose-dans-les-habitudes-de-mobilite\/","title":{"rendered":"L'\u00e9tat du v\u00e9lo au Qu\u00e9bec 2025: cycling becomes an integral part of mobility habits"},"content":{"rendered":"","protected":false},"excerpt":{"rendered":"","protected":false},"author":54,"featured_media":0,"comment_status":"closed","ping_status":"closed","sticky":false,"template":"","format":"standard","meta":{"_acf_changed":false,"footnotes":""},"categories":[38,272,36,6],"tags":[],"class_list":["post-100720","post","type-post","status-publish","format-standard","hentry","category-actualites","category-etat-du-velo","category-communiques","category-salle-de-presse","cf"],"acf":[],"_links":{"self":[{"href":"https:\/\/www.velo.qc.ca\/en\/wp-json\/wp\/v2\/posts\/100720","targetHints":{"allow":["GET"]}}],"collection":[{"href":"https:\/\/www.velo.qc.ca\/en\/wp-json\/wp\/v2\/posts"}],"about":[{"href":"https:\/\/www.velo.qc.ca\/en\/wp-json\/wp\/v2\/types\/post"}],"author":[{"embeddable":true,"href":"https:\/\/www.velo.qc.ca\/en\/wp-json\/wp\/v2\/users\/54"}],"replies":[{"embeddable":true,"href":"https:\/\/www.velo.qc.ca\/en\/wp-json\/wp\/v2\/comments?post=100720"}],"version-history":[{"count":6,"href":"https:\/\/www.velo.qc.ca\/en\/wp-json\/wp\/v2\/posts\/100720\/revisions"}],"predecessor-version":[{"id":100732,"href":"https:\/\/www.velo.qc.ca\/en\/wp-json\/wp\/v2\/posts\/100720\/revisions\/100732"}],"wp:attachment":[{"href":"https:\/\/www.velo.qc.ca\/en\/wp-json\/wp\/v2\/media?parent=100720"}],"wp:term":[{"taxonomy":"category","embeddable":true,"href":"https:\/\/www.velo.qc.ca\/en\/wp-json\/wp\/v2\/categories?post=100720"},{"taxonomy":"post_tag","embeddable":true,"href":"https:\/\/www.velo.qc.ca\/en\/wp-json\/wp\/v2\/tags?post=100720"}],"curies":[{"name":"wp","href":"https:\/\/api.w.org\/{rel}","templated":true}]}}