{"id":29897,"date":"2022-01-17T12:18:53","date_gmt":"2022-01-17T17:18:53","guid":{"rendered":"https:\/\/www.velo.qc.ca\/?p=29897"},"modified":"2024-04-25T14:00:37","modified_gmt":"2024-04-25T18:00:37","slug":"comments-on-the-quebec-metropolitan-communitys-revised-metropolitan-sustainable-development-plan","status":"publish","type":"post","link":"https:\/\/www.velo.qc.ca\/en\/enjeux-et-positions\/consultations-publiques-et-memoires\/commentaire-sur-le-plan-metropolitain-damenagement-durable-revise-de-la-communaute-metropolitaine-de-quebec\/","title":{"rendered":"Commentary on the Communaut\u00e9 m\u00e9tropolitaine de Qu\u00e9bec's revised Metropolitan Sustainable Development Plan"},"content":{"rendered":"","protected":false},"excerpt":{"rendered":"","protected":false},"author":10,"featured_media":0,"comment_status":"closed","ping_status":"open","sticky":false,"template":"","format":"standard","meta":{"_acf_changed":false,"footnotes":""},"categories":[33,26],"tags":[],"class_list":["post-29897","post","type-post","status-publish","format-standard","hentry","category-consultations-publiques-et-memoires","category-mobilite-durable","cf"],"acf":[],"_links":{"self":[{"href":"https:\/\/www.velo.qc.ca\/en\/wp-json\/wp\/v2\/posts\/29897","targetHints":{"allow":["GET"]}}],"collection":[{"href":"https:\/\/www.velo.qc.ca\/en\/wp-json\/wp\/v2\/posts"}],"about":[{"href":"https:\/\/www.velo.qc.ca\/en\/wp-json\/wp\/v2\/types\/post"}],"author":[{"embeddable":true,"href":"https:\/\/www.velo.qc.ca\/en\/wp-json\/wp\/v2\/users\/10"}],"replies":[{"embeddable":true,"href":"https:\/\/www.velo.qc.ca\/en\/wp-json\/wp\/v2\/comments?post=29897"}],"version-history":[{"count":0,"href":"https:\/\/www.velo.qc.ca\/en\/wp-json\/wp\/v2\/posts\/29897\/revisions"}],"wp:attachment":[{"href":"https:\/\/www.velo.qc.ca\/en\/wp-json\/wp\/v2\/media?parent=29897"}],"wp:term":[{"taxonomy":"category","embeddable":true,"href":"https:\/\/www.velo.qc.ca\/en\/wp-json\/wp\/v2\/categories?post=29897"},{"taxonomy":"post_tag","embeddable":true,"href":"https:\/\/www.velo.qc.ca\/en\/wp-json\/wp\/v2\/tags?post=29897"}],"curies":[{"name":"wp","href":"https:\/\/api.w.org\/{rel}","templated":true}]}}