{"id":90992,"date":"2024-10-02T16:13:25","date_gmt":"2024-10-02T20:13:25","guid":{"rendered":"https:\/\/www.velo.qc.ca\/?p=90992"},"modified":"2024-10-02T16:13:25","modified_gmt":"2024-10-02T20:13:25","slug":"velo-quebecs-proposals-presented-to-the-ministry-of-transport-and-sustainable-mobility-as-part-of-the-consultation-process-for-the-development-of-the-mobility-development-strategy-in-quebec","status":"publish","type":"post","link":"https:\/\/www.velo.qc.ca\/en\/enjeux-et-positions\/les-propositions-de-velo-quebec-presentees-au-ministere-des-transports-et-de-la-mobilite-durable-dans-le-cadre-de-la-consultation-pour-lelaboration-de-la-strategie-de-developpement-des-mobili\/","title":{"rendered":"V\u00e9lo Qu\u00e9bec's proposals presented to the Minist\u00e8re des Transports et de la Mobilit\u00e9 durable as part of the consultation for the development of an innovative mobility strategy."},"content":{"rendered":"","protected":false},"excerpt":{"rendered":"","protected":false},"author":7,"featured_media":0,"comment_status":"closed","ping_status":"closed","sticky":false,"template":"","format":"standard","meta":{"_acf_changed":false,"footnotes":""},"categories":[5,33],"tags":[],"class_list":["post-90992","post","type-post","status-publish","format-standard","hentry","category-enjeux-et-positions","category-consultations-publiques-et-memoires","cf"],"acf":[],"_links":{"self":[{"href":"https:\/\/www.velo.qc.ca\/en\/wp-json\/wp\/v2\/posts\/90992","targetHints":{"allow":["GET"]}}],"collection":[{"href":"https:\/\/www.velo.qc.ca\/en\/wp-json\/wp\/v2\/posts"}],"about":[{"href":"https:\/\/www.velo.qc.ca\/en\/wp-json\/wp\/v2\/types\/post"}],"author":[{"embeddable":true,"href":"https:\/\/www.velo.qc.ca\/en\/wp-json\/wp\/v2\/users\/7"}],"replies":[{"embeddable":true,"href":"https:\/\/www.velo.qc.ca\/en\/wp-json\/wp\/v2\/comments?post=90992"}],"version-history":[{"count":2,"href":"https:\/\/www.velo.qc.ca\/en\/wp-json\/wp\/v2\/posts\/90992\/revisions"}],"predecessor-version":[{"id":90997,"href":"https:\/\/www.velo.qc.ca\/en\/wp-json\/wp\/v2\/posts\/90992\/revisions\/90997"}],"wp:attachment":[{"href":"https:\/\/www.velo.qc.ca\/en\/wp-json\/wp\/v2\/media?parent=90992"}],"wp:term":[{"taxonomy":"category","embeddable":true,"href":"https:\/\/www.velo.qc.ca\/en\/wp-json\/wp\/v2\/categories?post=90992"},{"taxonomy":"post_tag","embeddable":true,"href":"https:\/\/www.velo.qc.ca\/en\/wp-json\/wp\/v2\/tags?post=90992"}],"curies":[{"name":"wp","href":"https:\/\/api.w.org\/{rel}","templated":true}]}}